{"id":2918,"date":"2017-08-13T20:05:38","date_gmt":"2017-08-13T19:05:38","guid":{"rendered":"http:\/\/ttc-wohlbach.de\/?p=2918"},"modified":"2017-08-13T20:08:33","modified_gmt":"2017-08-13T19:08:33","slug":"saisonvorbereitung-unseres-bundesligateams","status":"publish","type":"post","link":"https:\/\/ttc-wohlbach.de\/?p=2918","title":{"rendered":"Saisonvorbereitung unseres Bundesligateams"},"content":{"rendered":"<p>Das Bundesligateam des TTC Wohlbach hat sich vom 11. bis 13.08.2017 zusammen mit Patrick Forkel und Marc Seidler (Nummer eins und zwei der II. Mannschaft) auf die neue Saison 2017\/2018 vorbereitet. Alle pr\u00e4sentierten sich bereits in einer sehr guten Verfassung. Auch die neue Nummer eins des TTC Wohlbach, Richard Vyborny, kam mit den Gegebenheiten sehr gut zurecht. Dem Saisonauftakt am 10.09.2017, 14.00 Uhr, in der heimischen Sporthalle gegen den Vizemeister des Vorjahres, dem NSU Neckarsulm, kann die Mannschaft jetzt mit gutem Gewissen entgegen sehen. Auch einige interessierte Fans lie\u00dfen sich beim Trainingswochenende blicken und konnten sich von der Spielst\u00e4rke eines jeden Einzelnen \u00fcberzeugen.<\/p>\n<p><a href=\"http:\/\/ttc-wohlbach.de\/wp-content\/uploads\/2017\/08\/IMG_3014.jpg\"><img loading=\"lazy\" decoding=\"async\" class=\"alignleft size-medium wp-image-2919\" src=\"http:\/\/ttc-wohlbach.de\/wp-content\/uploads\/2017\/08\/IMG_3014-300x200.jpg\" alt=\"\" width=\"300\" height=\"200\" srcset=\"https:\/\/ttc-wohlbach.de\/wp-content\/uploads\/2017\/08\/IMG_3014-300x200.jpg 300w, https:\/\/ttc-wohlbach.de\/wp-content\/uploads\/2017\/08\/IMG_3014-768x512.jpg 768w, https:\/\/ttc-wohlbach.de\/wp-content\/uploads\/2017\/08\/IMG_3014-1024x683.jpg 1024w\" sizes=\"auto, (max-width: 300px) 100vw, 300px\" \/><\/a> <a href=\"http:\/\/ttc-wohlbach.de\/wp-content\/uploads\/2017\/08\/IMG_2758.jpg\"><img loading=\"lazy\" decoding=\"async\" class=\"alignleft size-medium wp-image-2920\" src=\"http:\/\/ttc-wohlbach.de\/wp-content\/uploads\/2017\/08\/IMG_2758-300x200.jpg\" alt=\"\" width=\"300\" height=\"200\" srcset=\"https:\/\/ttc-wohlbach.de\/wp-content\/uploads\/2017\/08\/IMG_2758-300x200.jpg 300w, https:\/\/ttc-wohlbach.de\/wp-content\/uploads\/2017\/08\/IMG_2758-768x512.jpg 768w, https:\/\/ttc-wohlbach.de\/wp-content\/uploads\/2017\/08\/IMG_2758-1024x683.jpg 1024w, https:\/\/ttc-wohlbach.de\/wp-content\/uploads\/2017\/08\/IMG_2758.jpg 1920w\" sizes=\"auto, (max-width: 300px) 100vw, 300px\" \/><\/a> <a href=\"http:\/\/ttc-wohlbach.de\/wp-content\/uploads\/2017\/08\/IMG_2722.jpg\"><img loading=\"lazy\" decoding=\"async\" class=\"alignleft size-medium wp-image-2921\" src=\"http:\/\/ttc-wohlbach.de\/wp-content\/uploads\/2017\/08\/IMG_2722-300x200.jpg\" alt=\"\" width=\"300\" height=\"200\" srcset=\"https:\/\/ttc-wohlbach.de\/wp-content\/uploads\/2017\/08\/IMG_2722-300x200.jpg 300w, https:\/\/ttc-wohlbach.de\/wp-content\/uploads\/2017\/08\/IMG_2722-768x512.jpg 768w, https:\/\/ttc-wohlbach.de\/wp-content\/uploads\/2017\/08\/IMG_2722-1024x683.jpg 1024w, https:\/\/ttc-wohlbach.de\/wp-content\/uploads\/2017\/08\/IMG_2722.jpg 1920w\" sizes=\"auto, (max-width: 300px) 100vw, 300px\" \/><\/a> <a href=\"http:\/\/ttc-wohlbach.de\/wp-content\/uploads\/2017\/08\/IMG_2948.jpg\"><img loading=\"lazy\" decoding=\"async\" class=\"alignleft size-medium wp-image-2922\" src=\"http:\/\/ttc-wohlbach.de\/wp-content\/uploads\/2017\/08\/IMG_2948-300x200.jpg\" alt=\"\" width=\"300\" height=\"200\" srcset=\"https:\/\/ttc-wohlbach.de\/wp-content\/uploads\/2017\/08\/IMG_2948-300x200.jpg 300w, https:\/\/ttc-wohlbach.de\/wp-content\/uploads\/2017\/08\/IMG_2948-768x512.jpg 768w, https:\/\/ttc-wohlbach.de\/wp-content\/uploads\/2017\/08\/IMG_2948-1024x683.jpg 1024w\" sizes=\"auto, (max-width: 300px) 100vw, 300px\" \/><\/a>Vier Trainingseinheiten vom Freitag bis Sonntag waren ein hartes Programm.<\/p>\n<p>&nbsp;<\/p>\n<p>&nbsp;<\/p>\n<p>&nbsp;<\/p>\n<p>Richard Vyborny konnte dabei sein au\u00dfergew\u00f6hnliches Ballgef\u00fchl demonstrieren.<\/p>\n<p>&nbsp;<\/p>\n<p>&nbsp;<\/p>\n<p>&nbsp;<\/p>\n<p>Die Fans der Mannschaft verfolgenden sehr interessiert das Training.<\/p>\n<p>&nbsp;<\/p>\n<p>&nbsp;<\/p>\n<p>&nbsp;<\/p>\n<p>&nbsp;<\/p>\n<p>Ein starkes Team f\u00fcr die bevorstehende Saison. Von rechts: Grozdan Grozdanov, Yevgeniy Christ, Richard Vyborny, GC Foerster, Patrick Forkel und Marc Seidler.<\/p>\n<p>Alle Fotos von: Horst Marr<\/p>\n","protected":false},"excerpt":{"rendered":"<p>Das Bundesligateam des TTC Wohlbach hat sich vom 11. bis 13.08.2017 zusammen mit Patrick Forkel und Marc Seidler (Nummer eins und zwei der II. Mannschaft) auf die neue Saison 2017\/2018 vorbereitet. Alle pr\u00e4sentierten sich bereits in einer sehr guten Verfassung. &hellip; <a href=\"https:\/\/ttc-wohlbach.de\/?p=2918\">Weiterlesen <span class=\"meta-nav\">&rarr;<\/span><\/a><\/p>\n","protected":false},"author":2,"featured_media":0,"comment_status":"closed","ping_status":"closed","sticky":false,"template":"","format":"standard","meta":{"footnotes":""},"categories":[1],"tags":[],"class_list":["post-2918","post","type-post","status-publish","format-standard","hentry","category-allgemein"],"_links":{"self":[{"href":"https:\/\/ttc-wohlbach.de\/index.php?rest_route=\/wp\/v2\/posts\/2918","targetHints":{"allow":["GET"]}}],"collection":[{"href":"https:\/\/ttc-wohlbach.de\/index.php?rest_route=\/wp\/v2\/posts"}],"about":[{"href":"https:\/\/ttc-wohlbach.de\/index.php?rest_route=\/wp\/v2\/types\/post"}],"author":[{"embeddable":true,"href":"https:\/\/ttc-wohlbach.de\/index.php?rest_route=\/wp\/v2\/users\/2"}],"replies":[{"embeddable":true,"href":"https:\/\/ttc-wohlbach.de\/index.php?rest_route=%2Fwp%2Fv2%2Fcomments&post=2918"}],"version-history":[{"count":3,"href":"https:\/\/ttc-wohlbach.de\/index.php?rest_route=\/wp\/v2\/posts\/2918\/revisions"}],"predecessor-version":[{"id":2925,"href":"https:\/\/ttc-wohlbach.de\/index.php?rest_route=\/wp\/v2\/posts\/2918\/revisions\/2925"}],"wp:attachment":[{"href":"https:\/\/ttc-wohlbach.de\/index.php?rest_route=%2Fwp%2Fv2%2Fmedia&parent=2918"}],"wp:term":[{"taxonomy":"category","embeddable":true,"href":"https:\/\/ttc-wohlbach.de\/index.php?rest_route=%2Fwp%2Fv2%2Fcategories&post=2918"},{"taxonomy":"post_tag","embeddable":true,"href":"https:\/\/ttc-wohlbach.de\/index.php?rest_route=%2Fwp%2Fv2%2Ftags&post=2918"}],"curies":[{"name":"wp","href":"https:\/\/api.w.org\/{rel}","templated":true}]}}