{"id":4323,"date":"2017-09-05T22:39:18","date_gmt":"2017-09-05T21:39:18","guid":{"rendered":"http:\/\/ttc-wohlbach.de\/?p=4323"},"modified":"2017-09-05T22:44:25","modified_gmt":"2017-09-05T21:44:25","slug":"vorschau-he-i-2","status":"publish","type":"post","link":"https:\/\/ttc-wohlbach.de\/?p=4323","title":{"rendered":"Vorschau He I am 10.09.2014"},"content":{"rendered":"<ol start=\"3\">\n<li><strong> Tischtennis Bundesliga S\u00fcd Herren:<\/strong><\/li>\n<\/ol>\n<p><strong>Am Sonntag, den 10.09.2017:<\/strong><strong>\u00a0\u00a0\u00a0\u00a0<\/strong><strong>\u00a0 TTC Wohlbach\u00a0\u00a0\u00a0\u00a0\u00a0\u00a0\u00a0\u00a0 &#8211;\u00a0\u00a0\u00a0\u00a0 NSU Neckarsulm<\/strong><strong>\u00a0\u00a0\u00a0\u00a0 \u00a0\u00a0\u00a0\u00a0\u00a0\u00a0 14.00 Uhr in Wohlbach<\/strong><strong>\u00a0<\/strong><\/p>\n<p><strong>TTC Wohlbach zum Saisonauftakt gegen Vizemeister NSU Neckarsulm<\/strong><\/p>\n<p><strong>Richard Vyborny schl\u00e4gt erstmalig f\u00fcr den TTC Wohlbach auf<\/strong><\/p>\n<p>Mit dem NSU Neckarsulm hat der TTC Wohlbach zum Saisonauftakt gleich eine harte Nu\u00df zu knacken. In der letzten Saison hatten die TTC Herren zweimal das Nachsehen gegen das starke G\u00e4steteam, das wieder in der gleichen Besetzung spielen wird. Doch diesmal sind die Karten anders gelegt. Beim TTC spielt in dieser Saison mit Richard Vyborny ein ehemaliger tschechischer Nationalspieler an Nummer eins. Damit r\u00fcckt Grozdan Grozdanov an zwei, GC Foerster auf drei und Yevgeniy Christ auf vier. Das macht die Mannschaft ein ganzes St\u00fcck st\u00e4rker und sie kann damit in der Doppel- und in jeder Einzelrunde mindestens einmal punkten. Die TTC Herren haben damit die Chance viel besser ins Spiel zu kommen, m\u00fcssen nicht gleich einen R\u00fcckstand nachlaufen und k\u00f6nnen mehr Matches f\u00fcr sich entscheiden. Das ist auch der Plan gegen Neckarsulm. Die Mannschaft ist gut vorbereitet, wird am Samstag und am Sonntagmorgen nochmals zusammen trainieren und will dann dieses richtungsweisende Spiel vor einer hoffentlich voll besetzten Halle f\u00fcr sich entscheiden. Die Zuschauer k\u00f6nnen heute schon gespannt sein.<\/p>\n<p><a href=\"http:\/\/ttc-wohlbach.de\/wp-content\/uploads\/2017\/09\/Nr.-1-Richard-Vyborny.jpg\"><img loading=\"lazy\" decoding=\"async\" class=\"alignleft size-medium wp-image-4324\" src=\"http:\/\/ttc-wohlbach.de\/wp-content\/uploads\/2017\/09\/Nr.-1-Richard-Vyborny-200x300.jpg\" alt=\"\" width=\"200\" height=\"300\" srcset=\"https:\/\/ttc-wohlbach.de\/wp-content\/uploads\/2017\/09\/Nr.-1-Richard-Vyborny-200x300.jpg 200w, https:\/\/ttc-wohlbach.de\/wp-content\/uploads\/2017\/09\/Nr.-1-Richard-Vyborny-768x1152.jpg 768w, https:\/\/ttc-wohlbach.de\/wp-content\/uploads\/2017\/09\/Nr.-1-Richard-Vyborny-683x1024.jpg 683w, https:\/\/ttc-wohlbach.de\/wp-content\/uploads\/2017\/09\/Nr.-1-Richard-Vyborny.jpg 1824w\" sizes=\"auto, (max-width: 200px) 100vw, 200px\" \/><\/a>Richard Vyborny als neue Nummer eins<\/p>\n<p>beim TTC Wohlbach<\/p>\n<p>(Foto: Horst Marr)<\/p>\n<table style=\"height: 740px;\" width=\"378\">\n<tbody>\n<tr>\n<td colspan=\"2\" width=\"714\">Pers\u00f6nliche Daten:<\/td>\n<\/tr>\n<tr>\n<td width=\"357\">Name, Vorname:<\/td>\n<td width=\"357\">Vyborny, Richard<\/td>\n<\/tr>\n<tr>\n<td width=\"357\">Alter:<\/td>\n<td width=\"357\">46<\/td>\n<\/tr>\n<tr>\n<td width=\"357\">Beruf:<\/td>\n<td width=\"357\">Tischtennistrainer<\/td>\n<\/tr>\n<tr>\n<td width=\"357\">Spielart:<\/td>\n<td width=\"357\">Angriff, Rechtsh\u00e4nder<\/td>\n<\/tr>\n<tr>\n<td width=\"357\">beim Verein seit:<\/td>\n<td width=\"357\">Saison 2017\/2018<\/td>\n<\/tr>\n<tr>\n<td width=\"357\">bisherige Vereine:<\/td>\n<td width=\"357\">10 Jahre 1. Liga Italien, TSV Bad K\u00f6nigshofen<\/td>\n<\/tr>\n<tr>\n<td width=\"357\">Sonstiges:<\/p>\n<p>(Nationalit\u00e4t, bes. Erfolge, Titel):<\/td>\n<td width=\"357\">&nbsp;<\/p>\n<p>Tschechien, ehem. tschechischer Nationalspieler, Teilnehmer Olympia, WM und EM, 2 x 3. Platz Team-EM, Viertelfinale WM 2002 Osaka<\/td>\n<\/tr>\n<\/tbody>\n<\/table>\n","protected":false},"excerpt":{"rendered":"<p>Tischtennis Bundesliga S\u00fcd Herren: Am Sonntag, den 10.09.2017:\u00a0\u00a0\u00a0\u00a0\u00a0 TTC Wohlbach\u00a0\u00a0\u00a0\u00a0\u00a0\u00a0\u00a0\u00a0 &#8211;\u00a0\u00a0\u00a0\u00a0 NSU Neckarsulm\u00a0\u00a0\u00a0\u00a0 \u00a0\u00a0\u00a0\u00a0\u00a0\u00a0 14.00 Uhr in Wohlbach\u00a0 TTC Wohlbach zum Saisonauftakt gegen Vizemeister NSU Neckarsulm Richard Vyborny schl\u00e4gt erstmalig f\u00fcr den TTC Wohlbach auf Mit dem NSU Neckarsulm hat &hellip; <a href=\"https:\/\/ttc-wohlbach.de\/?p=4323\">Weiterlesen <span class=\"meta-nav\">&rarr;<\/span><\/a><\/p>\n","protected":false},"author":2,"featured_media":0,"comment_status":"closed","ping_status":"closed","sticky":false,"template":"","format":"standard","meta":{"footnotes":""},"categories":[1],"tags":[],"class_list":["post-4323","post","type-post","status-publish","format-standard","hentry","category-allgemein"],"_links":{"self":[{"href":"https:\/\/ttc-wohlbach.de\/index.php?rest_route=\/wp\/v2\/posts\/4323","targetHints":{"allow":["GET"]}}],"collection":[{"href":"https:\/\/ttc-wohlbach.de\/index.php?rest_route=\/wp\/v2\/posts"}],"about":[{"href":"https:\/\/ttc-wohlbach.de\/index.php?rest_route=\/wp\/v2\/types\/post"}],"author":[{"embeddable":true,"href":"https:\/\/ttc-wohlbach.de\/index.php?rest_route=\/wp\/v2\/users\/2"}],"replies":[{"embeddable":true,"href":"https:\/\/ttc-wohlbach.de\/index.php?rest_route=%2Fwp%2Fv2%2Fcomments&post=4323"}],"version-history":[{"count":2,"href":"https:\/\/ttc-wohlbach.de\/index.php?rest_route=\/wp\/v2\/posts\/4323\/revisions"}],"predecessor-version":[{"id":4326,"href":"https:\/\/ttc-wohlbach.de\/index.php?rest_route=\/wp\/v2\/posts\/4323\/revisions\/4326"}],"wp:attachment":[{"href":"https:\/\/ttc-wohlbach.de\/index.php?rest_route=%2Fwp%2Fv2%2Fmedia&parent=4323"}],"wp:term":[{"taxonomy":"category","embeddable":true,"href":"https:\/\/ttc-wohlbach.de\/index.php?rest_route=%2Fwp%2Fv2%2Fcategories&post=4323"},{"taxonomy":"post_tag","embeddable":true,"href":"https:\/\/ttc-wohlbach.de\/index.php?rest_route=%2Fwp%2Fv2%2Ftags&post=4323"}],"curies":[{"name":"wp","href":"https:\/\/api.w.org\/{rel}","templated":true}]}}