{"id":4335,"date":"2017-09-13T14:16:00","date_gmt":"2017-09-13T13:16:00","guid":{"rendered":"http:\/\/ttc-wohlbach.de\/?p=4335"},"modified":"2017-09-13T14:17:41","modified_gmt":"2017-09-13T13:17:41","slug":"vorschau-he-i-und-he-ii-am-15-u-17-09-2017","status":"publish","type":"post","link":"https:\/\/ttc-wohlbach.de\/?p=4335","title":{"rendered":"Vorschau He I und He II am 15. u. 17.09.2017"},"content":{"rendered":"<ol start=\"3\">\n<li><strong> Tischtennis Bundesliga S\u00fcd Herren:<\/strong><\/li>\n<\/ol>\n<p><strong>Am Sonntag, den 17.09.2017:<\/strong><strong>\u00a0\u00a0\u00a0 <\/strong><strong>TTC W\u00f6rschbach\u00a0\u00a0\u00a0\u00a0 &#8211;\u00a0\u00a0\u00a0\u00a0 TTC Wohlbach<\/strong><strong>\u00a0\u00a0\u00a0\u00a0 \u00a0\u00a0\u00a0\u00a0\u00a0\u00a0\u00a0\u00a0\u00a0\u00a0\u00a0\u00a0\u00a0 14.00 Uhr in W\u00f6rschbach<\/strong><\/p>\n<p><strong>TTC Wohlbach beim Liganeuling TTC W\u00f6rschbach<\/strong><\/p>\n<p>Nach dem missgl\u00fccktem Saisonauftakt gegen \u00a0den NSU Neckarsulm m\u00fcssen die TTC Herren am kommenden Sonntag bei den Karlsruher Vorst\u00e4dtern antreten. W\u00f6rschbach hat es letztes Wochenende besser gemacht als Wohlbach und in Gr\u00fcnwettersbach zumindest ein 5:5 erreicht. Das zeigt zum einen, dass die Heimmannschaft mit ihrem Chinesen Fu und den bekannten Russen Masonov recht stark einzusch\u00e4tzen ist, zumal auch noch zuhause gespielt wird. Zum anderen hat Wohlbach in der vergangenen Saison zweimal gegen Gr\u00fcnwettersbach gewonnen. Entscheidend wird sein, ob es diesmal den TTC Herren gelingen wird den Einstieg ins Spiel zu finden. Richard Vyborny ist hei\u00df darauf, die ersten Punkte f\u00fcr den TTC einzufahren. Weiter muss\u00a0 der TTC die Verletzungsprobleme von GC Foerster in irgendeiner Weise zu kompensieren. Die Mannschaft wird alles geben und versuchen etwas z\u00e4hlbares mit nach Hause zu nehmen.<\/p>\n<p>Bereits am Freitag um 20.00 Uhr startet in der <strong>Bezirksliga II<\/strong> West die\u00a0\u00a0\u00a0\u00a0\u00a0\u00a0\u00a0\u00a0\u00a0\u00a0\u00a0\u00a0\u00a0\u00a0\u00a0\u00a0\u00a0\u00a0\u00a0\u00a0\u00a0\u00a0\u00a0\u00a0\u00a0\u00a0\u00a0\u00a0\u00a0 II. Herrenmannschaft des TTC Wohlbach\u00a0 beim TTC Sche\u00dflitz in die neue Saison. Neben Patrick Forkel, Marc Seidler, Maceji Sinicki wird erstmalig der Neuzugang Igor Dabrowski (siehe\u00a0 Foto) im Team stehen. Der TTC Wohlbach z\u00e4hlt als Neuling dieser Liga aufgrund seiner Besetzung auch als einer der Titelanw\u00e4rter und muss auch in Sche\u00dflitz die Favoritenrolle mit tragen.<\/p>\n<p><a href=\"http:\/\/ttc-wohlbach.de\/wp-content\/uploads\/2017\/09\/IMG_3357.jpg\"><img loading=\"lazy\" decoding=\"async\" class=\"alignleft size-medium wp-image-4329\" src=\"http:\/\/ttc-wohlbach.de\/wp-content\/uploads\/2017\/09\/IMG_3357-300x200.jpg\" alt=\"\" width=\"300\" height=\"200\" srcset=\"https:\/\/ttc-wohlbach.de\/wp-content\/uploads\/2017\/09\/IMG_3357-300x200.jpg 300w, https:\/\/ttc-wohlbach.de\/wp-content\/uploads\/2017\/09\/IMG_3357-768x512.jpg 768w, https:\/\/ttc-wohlbach.de\/wp-content\/uploads\/2017\/09\/IMG_3357-1024x683.jpg 1024w\" sizes=\"auto, (max-width: 300px) 100vw, 300px\" \/><\/a><strong>Richard Vyborny<\/strong> will in W\u00f6rschbach die<\/p>\n<p>ersten Punkte f\u00fcr den TTC Wohlbach holen.<\/p>\n<p>(Foto: Horst Marr)<\/p>\n<p>&nbsp;<\/p>\n<p>&nbsp;<\/p>\n<p><a href=\"http:\/\/ttc-wohlbach.de\/wp-content\/uploads\/2017\/09\/1505305999376.jpg\"><img loading=\"lazy\" decoding=\"async\" class=\"alignleft size-medium wp-image-4336\" src=\"http:\/\/ttc-wohlbach.de\/wp-content\/uploads\/2017\/09\/1505305999376-300x225.jpg\" alt=\"\" width=\"300\" height=\"225\" srcset=\"https:\/\/ttc-wohlbach.de\/wp-content\/uploads\/2017\/09\/1505305999376-300x225.jpg 300w, https:\/\/ttc-wohlbach.de\/wp-content\/uploads\/2017\/09\/1505305999376-768x576.jpg 768w, https:\/\/ttc-wohlbach.de\/wp-content\/uploads\/2017\/09\/1505305999376-1024x768.jpg 1024w, https:\/\/ttc-wohlbach.de\/wp-content\/uploads\/2017\/09\/1505305999376.jpg 1040w\" sizes=\"auto, (max-width: 300px) 100vw, 300px\" \/><\/a><strong>Igor Dabrowski<\/strong><\/p>\n<p>(im Bild rechts mit Mannschaftsf\u00fchrer Tim Firley)<\/p>\n<p>gibt sein Deb\u00fct in der II. Herrenmannschaft<\/p>\n<p>des TTC Wohlbach<\/p>\n<p>(Foto: TTC Wohlbach)<\/p>\n","protected":false},"excerpt":{"rendered":"<p>Tischtennis Bundesliga S\u00fcd Herren: Am Sonntag, den 17.09.2017:\u00a0\u00a0\u00a0 TTC W\u00f6rschbach\u00a0\u00a0\u00a0\u00a0 &#8211;\u00a0\u00a0\u00a0\u00a0 TTC Wohlbach\u00a0\u00a0\u00a0\u00a0 \u00a0\u00a0\u00a0\u00a0\u00a0\u00a0\u00a0\u00a0\u00a0\u00a0\u00a0\u00a0\u00a0 14.00 Uhr in W\u00f6rschbach TTC Wohlbach beim Liganeuling TTC W\u00f6rschbach Nach dem missgl\u00fccktem Saisonauftakt gegen \u00a0den NSU Neckarsulm m\u00fcssen die TTC Herren am kommenden Sonntag bei &hellip; <a href=\"https:\/\/ttc-wohlbach.de\/?p=4335\">Weiterlesen <span class=\"meta-nav\">&rarr;<\/span><\/a><\/p>\n","protected":false},"author":2,"featured_media":0,"comment_status":"closed","ping_status":"closed","sticky":false,"template":"","format":"standard","meta":{"footnotes":""},"categories":[1],"tags":[],"class_list":["post-4335","post","type-post","status-publish","format-standard","hentry","category-allgemein"],"_links":{"self":[{"href":"https:\/\/ttc-wohlbach.de\/index.php?rest_route=\/wp\/v2\/posts\/4335","targetHints":{"allow":["GET"]}}],"collection":[{"href":"https:\/\/ttc-wohlbach.de\/index.php?rest_route=\/wp\/v2\/posts"}],"about":[{"href":"https:\/\/ttc-wohlbach.de\/index.php?rest_route=\/wp\/v2\/types\/post"}],"author":[{"embeddable":true,"href":"https:\/\/ttc-wohlbach.de\/index.php?rest_route=\/wp\/v2\/users\/2"}],"replies":[{"embeddable":true,"href":"https:\/\/ttc-wohlbach.de\/index.php?rest_route=%2Fwp%2Fv2%2Fcomments&post=4335"}],"version-history":[{"count":2,"href":"https:\/\/ttc-wohlbach.de\/index.php?rest_route=\/wp\/v2\/posts\/4335\/revisions"}],"predecessor-version":[{"id":4338,"href":"https:\/\/ttc-wohlbach.de\/index.php?rest_route=\/wp\/v2\/posts\/4335\/revisions\/4338"}],"wp:attachment":[{"href":"https:\/\/ttc-wohlbach.de\/index.php?rest_route=%2Fwp%2Fv2%2Fmedia&parent=4335"}],"wp:term":[{"taxonomy":"category","embeddable":true,"href":"https:\/\/ttc-wohlbach.de\/index.php?rest_route=%2Fwp%2Fv2%2Fcategories&post=4335"},{"taxonomy":"post_tag","embeddable":true,"href":"https:\/\/ttc-wohlbach.de\/index.php?rest_route=%2Fwp%2Fv2%2Ftags&post=4335"}],"curies":[{"name":"wp","href":"https:\/\/api.w.org\/{rel}","templated":true}]}}