{"id":4470,"date":"2018-03-04T10:08:31","date_gmt":"2018-03-04T09:08:31","guid":{"rendered":"http:\/\/ttc-wohlbach.de\/?p=4470"},"modified":"2018-03-04T10:08:31","modified_gmt":"2018-03-04T09:08:31","slug":"spielbericht-he-ii-vom-02-03-2018","status":"publish","type":"post","link":"https:\/\/ttc-wohlbach.de\/?p=4470","title":{"rendered":"Spielbericht He II vom 02.03.2018"},"content":{"rendered":"<ol start=\"2\">\n<li><strong><u> Bezirksliga West Herren:<\/u><\/strong><\/li>\n<\/ol>\n<p><strong>TTC Wohlbach II drei Spieltage vor Rundenschluss vorzeitig Meister<\/strong><\/p>\n<p><strong>TSV Scherneck I\u00a0\u00a0\u00a0\u00a0\u00a0\u00a0\u00a0\u00a0 &#8211; TTC Wohlbach II<\/strong><\/p>\n<p><strong>\u00a0\u00a0\u00a0\u00a0\u00a0\u00a0\u00a0\u00a0\u00a0\u00a0\u00a0\u00a0\u00a0\u00a0\u00a0\u00a0\u00a0\u00a0\u00a0\u00a0\u00a0\u00a0\u00a0\u00a0\u00a0\u00a0\u00a0\u00a0\u00a0\u00a0\u00a0 6\u00a0\u00a0\u00a0\u00a0 :\u00a0\u00a0\u00a0 \u00a09<\/strong><\/p>\n<p>Wohlbach musste ohne Patrick Forkel antreten und tat sich gegen den TSV Scherneck merklich schwer, zumal die Hausherren noch mit den alten Zelluloidb\u00e4llen spielen. Dabei hatten die G\u00e4ste noch das Gl\u00fcck, dass sie alle vier Spiele mit Entscheidungssatz gewinnen konnten. Am Ende hatte der TSV zwar 554:540 B\u00e4lle und 30:30 S\u00e4tze erreicht, doch die Punkte aus diesem Nachbarduell nahm der TTC Wohlbach mit.<\/p>\n<p>Die Spiele: Klein\/Ehrlich \u2013 Seidler\/Schau 2:3, Kostin\/Kalb \u2013 Dabrowski\/Firley 1:3, Zapf\/Dennst\u00e4dt \u2013 Sinicki\/Haas 3:1, Klein \u2013 Sinicki 2:3, Kostin \u2013 Seidler 0:3, Zapf \u2013 Firley 3:0, Ehrlich \u2013 Dabrowski 3:1, Kalb \u2013 Schau 3:1, Dennst\u00e4dt \u2013 Haas 3:0, Klein \u2013 Seidler 1:3, Kostin \u2013 Sinicki 1:3,Zapf \u2013 Dabrowski 2:3, Ehrlich \u2013 Firley 3:1, Kalb \u2013 Haas 3:0, Dennst\u00e4dt \u2013 Schau\u00a0 2:3.<\/p>\n","protected":false},"excerpt":{"rendered":"<p>Bezirksliga West Herren: TTC Wohlbach II drei Spieltage vor Rundenschluss vorzeitig Meister TSV Scherneck I\u00a0\u00a0\u00a0\u00a0\u00a0\u00a0\u00a0\u00a0 &#8211; TTC Wohlbach II \u00a0\u00a0\u00a0\u00a0\u00a0\u00a0\u00a0\u00a0\u00a0\u00a0\u00a0\u00a0\u00a0\u00a0\u00a0\u00a0\u00a0\u00a0\u00a0\u00a0\u00a0\u00a0\u00a0\u00a0\u00a0\u00a0\u00a0\u00a0\u00a0\u00a0\u00a0 6\u00a0\u00a0\u00a0\u00a0 :\u00a0\u00a0\u00a0 \u00a09 Wohlbach musste ohne Patrick Forkel antreten und tat sich gegen den TSV Scherneck merklich schwer, zumal die &hellip; <a href=\"https:\/\/ttc-wohlbach.de\/?p=4470\">Weiterlesen <span class=\"meta-nav\">&rarr;<\/span><\/a><\/p>\n","protected":false},"author":2,"featured_media":0,"comment_status":"closed","ping_status":"closed","sticky":false,"template":"","format":"standard","meta":{"footnotes":""},"categories":[1],"tags":[],"class_list":["post-4470","post","type-post","status-publish","format-standard","hentry","category-allgemein"],"_links":{"self":[{"href":"https:\/\/ttc-wohlbach.de\/index.php?rest_route=\/wp\/v2\/posts\/4470","targetHints":{"allow":["GET"]}}],"collection":[{"href":"https:\/\/ttc-wohlbach.de\/index.php?rest_route=\/wp\/v2\/posts"}],"about":[{"href":"https:\/\/ttc-wohlbach.de\/index.php?rest_route=\/wp\/v2\/types\/post"}],"author":[{"embeddable":true,"href":"https:\/\/ttc-wohlbach.de\/index.php?rest_route=\/wp\/v2\/users\/2"}],"replies":[{"embeddable":true,"href":"https:\/\/ttc-wohlbach.de\/index.php?rest_route=%2Fwp%2Fv2%2Fcomments&post=4470"}],"version-history":[{"count":1,"href":"https:\/\/ttc-wohlbach.de\/index.php?rest_route=\/wp\/v2\/posts\/4470\/revisions"}],"predecessor-version":[{"id":4471,"href":"https:\/\/ttc-wohlbach.de\/index.php?rest_route=\/wp\/v2\/posts\/4470\/revisions\/4471"}],"wp:attachment":[{"href":"https:\/\/ttc-wohlbach.de\/index.php?rest_route=%2Fwp%2Fv2%2Fmedia&parent=4470"}],"wp:term":[{"taxonomy":"category","embeddable":true,"href":"https:\/\/ttc-wohlbach.de\/index.php?rest_route=%2Fwp%2Fv2%2Fcategories&post=4470"},{"taxonomy":"post_tag","embeddable":true,"href":"https:\/\/ttc-wohlbach.de\/index.php?rest_route=%2Fwp%2Fv2%2Ftags&post=4470"}],"curies":[{"name":"wp","href":"https:\/\/api.w.org\/{rel}","templated":true}]}}